{"id":6697,"date":"2020-06-25T17:39:13","date_gmt":"2020-06-25T20:39:13","guid":{"rendered":"https:\/\/www.gamificacao.com.br\/?p=6697"},"modified":"2024-03-10T17:58:54","modified_gmt":"2024-03-10T20:58:54","slug":"diversidade-no-ambiente-de-trabalho","status":"publish","type":"post","link":"\/blog\/diversidade-no-ambiente-de-trabalho\/","title":{"rendered":"Diversidade no Ambiente de Trabalho &#8211; Infogr\u00e1fico Gratuito"},"content":{"rendered":"<h2><strong>A import\u00e2ncia da Diversidade no Ambiente de Trabalho<\/strong><\/h2>\r\n<p><span style=\"font-weight: 400\">A diversidade no ambiente de trabalho \u00e9 representada por meio da pluralidade. Pode ser considerada como uma empresa ou equipe diversa aquelas que s\u00e3o compostas por pessoas de diferentes forma\u00e7\u00f5es, g\u00eaneros, ra\u00e7as, idades, experi\u00eancias e posicionamentos.<\/span><\/p>\r\n<p><span style=\"font-weight: 400\">As novas gera\u00e7\u00f5es est\u00e3o entre as grandes respons\u00e1veis por essa altera\u00e7\u00e3o de foco e maior valoriza\u00e7\u00e3o da inclus\u00e3o social nas empresas, uma vez que fomentam discuss\u00f5es do tipo e representam hoje grande parte da m\u00e3o-de-obra ativa que comp\u00f5e o mercado.<\/span><\/p>\r\n<p><span style=\"font-weight: 400\">Al\u00e9m da sociedade, as pr\u00f3prias organiza\u00e7\u00f5es tamb\u00e9m t\u00eam muito a ganhar em aderir \u00e0 <a href=\"https:\/\/brasilescola.uol.com.br\/educacao\/inclusao-social\" target=\"_blank\" rel=\"nofollow noopener\">inclus\u00e3o social.<\/a> Com a pluralidade nas institui\u00e7\u00f5es vem a possibilidade de enxergar diferentes e novas solu\u00e7\u00f5es a partir de mentes diversificadas, a empresa ganha mais notoriedade e respeito por parte do p\u00fablico, al\u00e9m de atrair mais talentos.<\/span><\/p>\r\n<p><span style=\"font-weight: 400\">Sabemos o quanto esta pauta \u00e9 necess\u00e1ria e vem sendo amplamente discutida nos \u00faltimos meses. Pensando nisso, desenvolvemos um infogr\u00e1fico com as melhores dicas para apoiar voc\u00ea a implementar a diversidade na sua empresa ou na sua equipe. Fa\u00e7a o download e confira o material:<\/span><\/p>\r\n<p><a href=\"http:\/\/cultura.gamefic.me\/infografico-diversidade-no-ambiente-de-trabalho\" target=\"_blank\" rel=\"noopener\"><img decoding=\"async\" loading=\"lazy\" class=\"aligncenter size-full wp-image-6699\" src=\"http:\/\/root.gamefic.me\/wp-content\/uploads\/sites\/18\/2020\/06\/blog-banner-diversidade-25-06-20.jpg\" alt=\"Infogr\u00e1fico Diversidade no ambiente de trabalho | Gamefic\" width=\"768\" height=\"200\" srcset=\"\/wp-content\/uploads\/sites\/18\/2020\/06\/blog-banner-diversidade-25-06-20.jpg 768w, \/wp-content\/uploads\/sites\/18\/2020\/06\/blog-banner-diversidade-25-06-20-300x78.jpg 300w\" sizes=\"(max-width: 768px) 100vw, 768px\" title=\"\"><\/a><\/p>\r\n\r\n<p>Conhe\u00e7a a Gamefic, a melhor <a href=\"https:\/\/gamefic.me\/\" target=\"_blank\" rel=\"noopener\">plataforma de gamifica\u00e7\u00e3o<\/a> do Brasil!<\/p>\r\n","protected":false},"excerpt":{"rendered":"<p>A import\u00e2ncia da Diversidade no Ambiente de Trabalho A diversidade no ambiente de trabalho \u00e9 representada por meio da pluralidade. Pode ser considerada como uma empresa ou equipe diversa aquelas que s\u00e3o compostas por pessoas de diferentes forma\u00e7\u00f5es, g\u00eaneros, ra\u00e7as, idades, experi\u00eancias e posicionamentos. As novas gera\u00e7\u00f5es est\u00e3o entre as grandes respons\u00e1veis por essa altera\u00e7\u00e3o&hellip; <a class=\"more-link\" href=\"\/blog\/diversidade-no-ambiente-de-trabalho\/\">Continuar lendo <span class=\"screen-reader-text\">Diversidade no Ambiente de Trabalho &#8211; Infogr\u00e1fico Gratuito<\/span><\/a><\/p>\n","protected":false},"author":10,"featured_media":6698,"comment_status":"open","ping_status":"open","sticky":false,"template":"","format":"standard","meta":[],"categories":[5,45],"tags":[140,141,43,142,143],"_links":{"self":[{"href":"\/blog\/wp-json\/wp\/v2\/posts\/6697"}],"collection":[{"href":"\/blog\/wp-json\/wp\/v2\/posts"}],"about":[{"href":"\/blog\/wp-json\/wp\/v2\/types\/post"}],"author":[{"embeddable":true,"href":"\/blog\/wp-json\/wp\/v2\/users\/10"}],"replies":[{"embeddable":true,"href":"\/blog\/wp-json\/wp\/v2\/comments?post=6697"}],"version-history":[{"count":6,"href":"\/blog\/wp-json\/wp\/v2\/posts\/6697\/revisions"}],"predecessor-version":[{"id":12739,"href":"\/blog\/wp-json\/wp\/v2\/posts\/6697\/revisions\/12739"}],"wp:featuredmedia":[{"embeddable":true,"href":"\/blog\/wp-json\/wp\/v2\/media\/6698"}],"wp:attachment":[{"href":"\/blog\/wp-json\/wp\/v2\/media?parent=6697"}],"wp:term":[{"taxonomy":"category","embeddable":true,"href":"\/blog\/wp-json\/wp\/v2\/categories?post=6697"},{"taxonomy":"post_tag","embeddable":true,"href":"\/blog\/wp-json\/wp\/v2\/tags?post=6697"}],"curies":[{"name":"wp","href":"https:\/\/api.w.org\/{rel}","templated":true}]}}